{"id":998,"date":"2025-06-19T17:17:21","date_gmt":"2025-06-19T16:17:21","guid":{"rendered":"https:\/\/www.fouencamps.fr\/?p=998"},"modified":"2025-06-19T17:17:23","modified_gmt":"2025-06-19T16:17:23","slug":"feu-de-la-saint-jean-28-juin","status":"publish","type":"post","link":"https:\/\/www.fouencamps.fr\/?p=998","title":{"rendered":"FEU DE LA SAINT JEAN 28 juin"},"content":{"rendered":"\n<p class=\"wp-block-paragraph\">A l&rsquo;occasion de la <strong>f\u00eate de la Saint Jean<\/strong>, nous avons le plaisir de vous inviter dans la p\u00e2ture en face de l&rsquo;\u00e9glise le:&nbsp;<\/p>\n\n\n\n<p class=\"wp-block-paragraph\"><strong>Samedi 28 juin 2025<\/strong>  <strong>\u00e0 partir de 20h30<\/strong><\/p>\n\n\n\n<p class=\"wp-block-paragraph\">Tables et barbecues seront \u00e0 votre disposition afin que nous puissions partager le pique-nique que chacun aura apport\u00e9.<\/p>\n\n\n\n<p class=\"wp-block-paragraph\"><strong>A la tomb\u00e9e de la nuit, nous allumerons ensemble le feu.<\/strong><\/p>\n","protected":false},"excerpt":{"rendered":"<p>A l&rsquo;occasion de la f\u00eate de la Saint Jean, nous avons le plaisir de vous inviter dans la p\u00e2ture en face de l&rsquo;\u00e9glise le:&nbsp; Samedi 28 juin 2025 \u00e0 partir de 20h30 Tables et&#46;&#46;&#46;<\/p>\n","protected":false},"author":5,"featured_media":727,"comment_status":"closed","ping_status":"open","sticky":false,"template":"","format":"standard","meta":{"_crdt_document":"","rop_custom_images_group":[],"rop_custom_messages_group":[],"rop_publish_now":"initial","rop_publish_now_accounts":[],"rop_publish_now_history":[],"rop_publish_now_status":"pending","footnotes":""},"categories":[9,6],"tags":[],"class_list":["post-998","post","type-post","status-publish","format-standard","has-post-thumbnail","hentry","category-a-la-une","category-vie-quotidienne"],"_links":{"self":[{"href":"https:\/\/www.fouencamps.fr\/index.php?rest_route=\/wp\/v2\/posts\/998","targetHints":{"allow":["GET"]}}],"collection":[{"href":"https:\/\/www.fouencamps.fr\/index.php?rest_route=\/wp\/v2\/posts"}],"about":[{"href":"https:\/\/www.fouencamps.fr\/index.php?rest_route=\/wp\/v2\/types\/post"}],"author":[{"embeddable":true,"href":"https:\/\/www.fouencamps.fr\/index.php?rest_route=\/wp\/v2\/users\/5"}],"replies":[{"embeddable":true,"href":"https:\/\/www.fouencamps.fr\/index.php?rest_route=%2Fwp%2Fv2%2Fcomments&post=998"}],"version-history":[{"count":1,"href":"https:\/\/www.fouencamps.fr\/index.php?rest_route=\/wp\/v2\/posts\/998\/revisions"}],"predecessor-version":[{"id":999,"href":"https:\/\/www.fouencamps.fr\/index.php?rest_route=\/wp\/v2\/posts\/998\/revisions\/999"}],"wp:featuredmedia":[{"embeddable":true,"href":"https:\/\/www.fouencamps.fr\/index.php?rest_route=\/wp\/v2\/media\/727"}],"wp:attachment":[{"href":"https:\/\/www.fouencamps.fr\/index.php?rest_route=%2Fwp%2Fv2%2Fmedia&parent=998"}],"wp:term":[{"taxonomy":"category","embeddable":true,"href":"https:\/\/www.fouencamps.fr\/index.php?rest_route=%2Fwp%2Fv2%2Fcategories&post=998"},{"taxonomy":"post_tag","embeddable":true,"href":"https:\/\/www.fouencamps.fr\/index.php?rest_route=%2Fwp%2Fv2%2Ftags&post=998"}],"curies":[{"name":"wp","href":"https:\/\/api.w.org\/{rel}","templated":true}]}}