{"id":911,"date":"2024-09-22T20:09:27","date_gmt":"2024-09-22T19:09:27","guid":{"rendered":"https:\/\/www.fouencamps.fr\/?p=911"},"modified":"2024-09-22T20:09:29","modified_gmt":"2024-09-22T19:09:29","slug":"balade-feerique-a-mailly-raineval","status":"publish","type":"post","link":"https:\/\/www.fouencamps.fr\/?p=911","title":{"rendered":"BALADE FEERIQUE \u00e0 Mailly-Raineval"},"content":{"rendered":"\n<p class=\"wp-block-paragraph\">BALADE FEERIQUE \u00e0 Mailly-Raineval<\/p>\n\n\n\n<p class=\"wp-block-paragraph\">le samedi 05 octobre<\/p>\n\n\n\n<p class=\"wp-block-paragraph\">un premier d\u00e9part \u00e0 19h30 (venir 15 minutes avant)<br>un second d\u00e9part \u00e0 19h50 (venir 15 minutes avant)<br>restauration possible sur place avec la pr\u00e9sence du food truck Sad Hill BBQ Original<\/p>\n\n\n\n<p class=\"wp-block-paragraph\">TARIFS :<br>10\u20ac pour les + de 12 ans<br>et GRATUIT pour les &#8211; de 12 ans<\/p>\n\n\n\n<p class=\"wp-block-paragraph\">r\u00e9servation via la billetterie en ligne :&nbsp;<a href=\"https:\/\/my.weezevent.com\/balade-feerique?fbclid=IwZXh0bgNhZW0CMTAAAR0-wsahDaZHu8WeWmnComqFcYnl9PPsr6Q2kx-81EDRDnNgErXkhsOWMTg_aem_kTQ8FUbSdNHRcoXTKY8PeA\" target=\"_blank\" rel=\"noreferrer noopener\">https:\/\/my.weezevent.com\/balade-feerique<\/a><\/p>\n\n\n\n<p class=\"wp-block-paragraph\"><\/p>\n\n\n\n<p class=\"wp-block-paragraph\">r\u00e9servation via la billetterie en ligne :&nbsp;<a href=\"https:\/\/my.weezevent.com\/balade-feerique?fbclid=IwZXh0bgNhZW0CMTAAAR0-wsahDaZHu8WeWmnComqFcYnl9PPsr6Q2kx-81EDRDnNgErXkhsOWMTg_aem_kTQ8FUbSdNHRcoXTKY8PeA\" target=\"_blank\" rel=\"noreferrer noopener\">https:\/\/my.weezevent.com\/balade-feerique<\/a><\/p>\n\n\n\n<p class=\"wp-block-paragraph\">des billets papiers seront vendus \u00e0 l&rsquo;entr\u00e9e du spectacle le jour J<\/p>\n\n\n\n<p class=\"wp-block-paragraph\">\u00e0 la tomb\u00e9e du jour, explorez en famille les chemins qui m\u00e8nent au petit peuple f\u00e9erique.<br>D\u00e9couvrez les habitations des f\u00e9es gr\u00e2ce \u00e0 nos guides elficologiques.<br>\u00c9quipez-vous de bonnes chaussures pour une balade d\u2019environ 1H30 au milieu de la nature r\u00e9enchant\u00e9e.<br>Votre lanterne sera le meilleur outil pour observer cette nuit anim\u00e9e de rencontres f\u00e9eriques.<\/p>\n\n\n\n<p class=\"wp-block-paragraph\">plus d&rsquo;infos au 03 22 41 28 72 ou&nbsp;<a href=\"mailto:accueil.tourisme@avrelucenoye.fr\" target=\"_blank\" rel=\"noreferrer noopener\">accueil.tourisme@avrelucenoye.fr<\/a><\/p>\n\n\n\n<p class=\"wp-block-paragraph\">bande annonce du spectacle de la compagnie P14 en cliquant ici :<br><a href=\"https:\/\/l.facebook.com\/l.php?u=https%3A%2F%2Fwww.youtube.com%2Fwatch%3Fv%3DTkypasNAWks%26fbclid%3DIwZXh0bgNhZW0CMTAAAR1KygbKnkki3s51kDV_TH_6lA0ALBpeszohR3Cjsrrjh0CNt26XlypAIr8_aem_iYYQXz77KLTKbaxZ3yzg6A&amp;h=AT1Y_8F142JmF-u_Cem7EudSxCj6nrar8Er21FaVU7fafg9ZnL4UUidEcv0GEIsMURvTmiVrqFgrIe7oi7V2YVknfsrQXU9GGy35GlvievL2hZ_FJ_DckV5czvkIqj3WdR_v&amp;__tn__=q&amp;c[0]=AT1MmeLVhuBAIjgB_Ly3ol_KyHHMh0ncSOJmrsq3QaRee_Gwm5J1esE8n7UEMH1Lg_K-UUGtqTMBRkZd-nslJc1LvrYHKn-GM_jEc1sXIOICNVAKy1RXufhejrXDpP5DIjZMPaWQtHbyZuIWirckMm9NTdGPDpJkRhdvPaAejpVuv3Uwanba\" target=\"_blank\" rel=\"noreferrer noopener\">https:\/\/www.youtube.com\/watch?v=TkypasNAWks<\/a><\/p>\n\n\n\n<figure class=\"wp-block-image size-full\"><a href=\"https:\/\/www.fouencamps.fr\/wp-content\/uploads\/2024\/09\/05-10-Balade-feerique-mailly-raineval-version-2.png\"><img loading=\"lazy\" decoding=\"async\" width=\"851\" height=\"315\" src=\"https:\/\/www.fouencamps.fr\/wp-content\/uploads\/2024\/09\/05-10-Balade-feerique-mailly-raineval-version-2.png\" alt=\"\" class=\"wp-image-912\" srcset=\"https:\/\/www.fouencamps.fr\/wp-content\/uploads\/2024\/09\/05-10-Balade-feerique-mailly-raineval-version-2.png 851w, https:\/\/www.fouencamps.fr\/wp-content\/uploads\/2024\/09\/05-10-Balade-feerique-mailly-raineval-version-2-300x111.png 300w, https:\/\/www.fouencamps.fr\/wp-content\/uploads\/2024\/09\/05-10-Balade-feerique-mailly-raineval-version-2-768x284.png 768w, https:\/\/www.fouencamps.fr\/wp-content\/uploads\/2024\/09\/05-10-Balade-feerique-mailly-raineval-version-2-600x222.png 600w, https:\/\/www.fouencamps.fr\/wp-content\/uploads\/2024\/09\/05-10-Balade-feerique-mailly-raineval-version-2-640x237.png 640w\" sizes=\"auto, (max-width: 851px) 100vw, 851px\" \/><\/a><\/figure>\n","protected":false},"excerpt":{"rendered":"<p>BALADE FEERIQUE \u00e0 Mailly-Raineval le samedi 05 octobre un premier d\u00e9part \u00e0 19h30 (venir 15 minutes avant)un second d\u00e9part \u00e0 19h50 (venir 15 minutes avant)restauration possible sur place avec la pr\u00e9sence du food truck&#46;&#46;&#46;<\/p>\n","protected":false},"author":3,"featured_media":912,"comment_status":"closed","ping_status":"open","sticky":false,"template":"","format":"standard","meta":{"_crdt_document":"","rop_custom_images_group":[],"rop_custom_messages_group":[],"rop_publish_now":"initial","rop_publish_now_accounts":[],"rop_publish_now_history":[],"rop_publish_now_status":"pending","footnotes":""},"categories":[6],"tags":[],"class_list":["post-911","post","type-post","status-publish","format-standard","has-post-thumbnail","hentry","category-vie-quotidienne"],"_links":{"self":[{"href":"https:\/\/www.fouencamps.fr\/index.php?rest_route=\/wp\/v2\/posts\/911","targetHints":{"allow":["GET"]}}],"collection":[{"href":"https:\/\/www.fouencamps.fr\/index.php?rest_route=\/wp\/v2\/posts"}],"about":[{"href":"https:\/\/www.fouencamps.fr\/index.php?rest_route=\/wp\/v2\/types\/post"}],"author":[{"embeddable":true,"href":"https:\/\/www.fouencamps.fr\/index.php?rest_route=\/wp\/v2\/users\/3"}],"replies":[{"embeddable":true,"href":"https:\/\/www.fouencamps.fr\/index.php?rest_route=%2Fwp%2Fv2%2Fcomments&post=911"}],"version-history":[{"count":1,"href":"https:\/\/www.fouencamps.fr\/index.php?rest_route=\/wp\/v2\/posts\/911\/revisions"}],"predecessor-version":[{"id":913,"href":"https:\/\/www.fouencamps.fr\/index.php?rest_route=\/wp\/v2\/posts\/911\/revisions\/913"}],"wp:featuredmedia":[{"embeddable":true,"href":"https:\/\/www.fouencamps.fr\/index.php?rest_route=\/wp\/v2\/media\/912"}],"wp:attachment":[{"href":"https:\/\/www.fouencamps.fr\/index.php?rest_route=%2Fwp%2Fv2%2Fmedia&parent=911"}],"wp:term":[{"taxonomy":"category","embeddable":true,"href":"https:\/\/www.fouencamps.fr\/index.php?rest_route=%2Fwp%2Fv2%2Fcategories&post=911"},{"taxonomy":"post_tag","embeddable":true,"href":"https:\/\/www.fouencamps.fr\/index.php?rest_route=%2Fwp%2Fv2%2Ftags&post=911"}],"curies":[{"name":"wp","href":"https:\/\/api.w.org\/{rel}","templated":true}]}}